{"provider_url": "https://www.adamantina.sp.leg.br", "title": "44\u00aa e 45\u00aa Sess\u00f5es Extraordin\u00e1rias", "html": "<p style=\"text-align: justify; \">Pr\u00f3xima segunda-feira, 21, a C\u00e2mara de Adamantina realizar\u00e1 as 44\u00aa e 45\u00aa Sess\u00f5es Extrarodin\u00e1rias \u00e0s 11h e 11h30, respectivamente.</p>\r\n<p style=\"text-align: justify; \">Segue a pauta das sess\u00f5es:</p>\r\n<p style=\"text-align: justify; \"><span><strong>44\u00aa Sess\u00e3o Extraordin\u00e1ria</strong></span></p>\r\n<p style=\"text-align: justify; \"><b><span>EM DISCUSS\u00c3O \u00daNICA</span></b><span>\u00a0</span></p>\r\n<p style=\"text-align: justify; \"><span></span><b>Projeto de Lei n\u00ba 064/15</b><span> \u2013 PM \u2013 que \u201cDisp\u00f5e sobre autoriza\u00e7\u00e3o para abertura de cr\u00e9dito adicional suplementar ao Or\u00e7amento da Prefeitura do Munic\u00edpio de Adamantina.\u201d</span></p>\r\n<p style=\"text-align: justify; \"><b><span>Projeto de Lei n\u00ba 065/15</span></b> \u2013 PM \u2013 que \u201cDisp\u00f5e sobre autoriza\u00e7\u00e3o para abertura de cr\u00e9dito adicional especial \u00e0 Lei do Or\u00e7amento 2016 da Prefeitura do Munic\u00edpio de Adamantina.\u201d<span>\u00a0</span></p>\r\n<p style=\"text-align: justify; \"><b><span>EM PRIMEIRA DISCUSS\u00c3O</span></b></p>\r\n<p style=\"text-align: justify; \"><b>Projeto de Lei Complementar n\u00ba 340/15</b><span> \u2013 PM \u2013 que \u201cDisp\u00f5e sobre a Revis\u00e3o Geral Anual dos Vencimentos, Subs\u00eddios, Proventos e Pens\u00f5es dos Servidores P\u00fablicos Ativos e Inativos do Poder Executivo do Munic\u00edpio de Adamantina.\u201d</span></p>\r\n<p style=\"text-align: justify; \"><b><span>Projeto de Lei Complementar n\u00ba 341/15</span></b> \u2013 PM \u2013 que \u201cDisp\u00f5e sobre a Revis\u00e3o Geral Anual dos Vencimentos dos Empregos Permanentes e em Comiss\u00e3o da Empresa Municipal de Desenvolvimento de Adamantina \u2013 EMDA.\u201d</p>\r\n<p style=\"text-align: justify; \"><span><strong><span>45\u00aa Sess\u00e3o Extraordin\u00e1ria</span></strong></span><span><strong></strong></span></p>\r\n<p style=\"text-align: justify; \"><b><span>EM SEGUNDA DISCUSS\u00c3O E REDA\u00c7\u00c3O FINAL</span></b></p>\r\n<p style=\"text-align: justify; \"><b>Projeto de Lei Complementar n\u00ba 340/15</b><span> \u2013 PM \u2013 que \u201cDisp\u00f5e sobre a Revis\u00e3o Geral Anual dos Vencimentos, Subs\u00eddios, Proventos e Pens\u00f5es dos Servidores P\u00fablicos Ativos e Inativos do Poder Executivo do Munic\u00edpio de Adamantina.\u201d</span></p>\r\n<p style=\"text-align: justify; \"><b><span>Projeto de Lei Complementar n\u00ba 341/15</span></b> \u2013 PM \u2013 que \u201cDisp\u00f5e sobre a Revis\u00e3o Geral Anual dos Vencimentos dos Empregos Permanentes e em Comiss\u00e3o da Empresa Municipal de Desenvolvimento de Adamantina \u2013 EMDA.\u201d</p>\r\n<p>Toda a comunidade \u00e9 convidada a acompanhar pessoalmente ou pela Radio J\u00f3ia AM,\u00a0<span>no Plen\u00e1rio Vereador Jos\u00e9 Ikeda\u00a0situado na Rua Osvaldo Cruz, 261 - t\u00e9rreo.</span></p>\r\n<div><span><br /></span></div>", "author_name": "adt", "version": "1.0", "author_url": "https://www.adamantina.sp.leg.br/author/adt", "provider_name": "C\u00e2mara Municipal de Adamantina", "type": "rich"}