{"provider_url": "https://www.adamantina.sp.leg.br", "title": "43\u00aa Sess\u00e3o Extraordin\u00e1ria", "html": "<p style=\"text-align: justify; \">Amanh\u00e3, \u00e0s 10h a C\u00e2mara de Adamantina realizar\u00e1 a 42\u00aa Sess\u00e3o Extraordin\u00e1ria. Ser\u00e3o apreciados\u00a0<b>EM SEGUNDA DISCUSS\u00c3O E REDA\u00c7\u00c3O FINAL</b> os projetos abaixo:<span>\u00a0</span></p>\r\n<p style=\"text-align: justify; \"><span></span><b>Projeto de Lei Complementar n\u00ba 336/15</b><span> \u2013 PM \u2013 que \u201cRevoga a Lei Complementar n\u00ba 197, de 23 de agosto de 2012, que \u2018disp\u00f5e sobre autoriza\u00e7\u00e3o para o Chefe do Poder Executivo alienar, por doa\u00e7\u00e3o, ao Centro Estadual de Educa\u00e7\u00e3o Tecnol\u00f3gica \u201cPaula Souza\u201d \u2013 CEETEPS, os im\u00f3veis que especifica\u2019.\u201d</span></p>\r\n<p style=\"text-align: justify; \"><b>Projeto de Lei Complementar n\u00ba 337/15</b><span> \u2013 PM \u2013 que \u201cDisp\u00f5e sobre autoriza\u00e7\u00e3o para o Chefe do Poder Executivo alienar, por doa\u00e7\u00e3o, ao CEETEPS \u2013 Centro Estadual de Educa\u00e7\u00e3o Tecnol\u00f3gica \u201cPaula Souza\u201d, os im\u00f3veis que especifica, destinados \u00e0 instala\u00e7\u00e3o de sede pr\u00f3pria da Faculdade de Tecnologia de Adamantina.\u201d</span></p>", "author_name": "adt", "version": "1.0", "author_url": "https://www.adamantina.sp.leg.br/author/adt", "provider_name": "C\u00e2mara Municipal de Adamantina", "type": "rich"}