{"provider_url": "https://www.adamantina.sp.leg.br", "title": "42\u00aa Sess\u00e3o Extraordin\u00e1ria", "html": "<p style=\"text-align: justify; \"><b>Hoje</b>, a C\u00e2mara Municipal de Adamantina realizar\u00e1 a 42\u00aa Sess\u00e3o Extraordin\u00e1ria, \u00e0s 14 horas, objetivando dar posse ao Sr. Jo\u00e3o Eduardo Barbosa Pacheco como Prefeito do Munic\u00edpio de Adamantina, em raz\u00e3o do afastamento do Sr. Ivo Francisco dos Santos J\u00fanior, por for\u00e7a da decis\u00e3o proferida nos Autos da A\u00e7\u00e3o Civil de Improbidade Administrativa, Processo n\u00ba 1001023-90.2015.8.26.0081 (N\u00famero de Ordem 1455/15) pela Excelent\u00edssima Senhora Ju\u00edza de Direito da 3\u00aa Vara da Comarca de Adamantina, Dr\u00aa. Ruth Duarte Menegatti.</p>", "author_name": "adt", "version": "1.0", "author_url": "https://www.adamantina.sp.leg.br/author/adt", "provider_name": "C\u00e2mara Municipal de Adamantina", "type": "rich"}