{"provider_url": "https://www.adamantina.sp.leg.br", "title": "41\u00aa Sess\u00e3o Extraordin\u00e1ria", "html": "<p style=\"text-align: justify; \">A C\u00e2mara de Adamantina comunica que realizar\u00e1 a 41\u00aa Sess\u00e3o Extraordin\u00e1ria amanh\u00e3,<b>\u00a0<span>28 de outubro, quarta-feira, \u00e0s 17:00h</span></b>, consta para ser apreciado na Ordem do Dia o seguinte projeto:<b>\u00a0</b></p>\r\n<p style=\"text-align: justify; \"><b><span>EM SEGUNDA DISCUSS\u00c3O E REDA\u00c7\u00c3O FINAL</span></b><span>\u00a0</span></p>\r\n<ul>\r\n<li><b>Projeto de Lei Complementar n\u00ba 329/15</b><span> \u2013 PM \u2013 que \u201cAltera o caput do artigo 3\u00ba da Lei Complementar n\u00ba 236, de 19 de novembro de 2014.\u201d</span></li>\r\n<li><b>Projeto de Lei Complementar n\u00ba 330/15</b><span> \u2013 PM \u2013 que \u201cDisp\u00f5e sobre altera\u00e7\u00e3o do anexo I da Lei Complementar n\u00ba 179, de 07 de outubro de 2011, visando \u00e0 amplia\u00e7\u00e3o do n\u00famero de vagas de empregos na fun\u00e7\u00e3o de Agente Comunit\u00e1rio de Sa\u00fade e d\u00e1 outras provid\u00eancias.\u201d</span></li>\r\n</ul>\r\n<div>\r\n<p><span><br /></span></p>\r\n<p><span>A Sess\u00e3o acontecer\u00e1 no\u00a0<em>Plen\u00e1rio</em></span><em>\u00a0Vereador Jos\u00e9 Ikeda, situado na Rua Osvaldo Cruz, 261 - t\u00e9rreo.</em></p>\r\n<p><em></em><span>Toda a comunidade \u00e9 convidada a acompanhar.</span></p>\r\n</div>", "author_name": "adt", "version": "1.0", "author_url": "https://www.adamantina.sp.leg.br/author/adt", "provider_name": "C\u00e2mara Municipal de Adamantina", "type": "rich"}