{"provider_url": "https://www.adamantina.sp.leg.br", "title": "40\u00aa Sess\u00e3o Extraordin\u00e1ria", "html": "<p style=\"text-align: justify; \"><b><span><span>A C\u00e2mara de Adamantina comunica que realizar\u00e1 a 40\u00aa Sess\u00e3o Extraordin\u00e1ria amanh\u00e3,</span><b>\u00a0<span>28 de outubro, quarta-feira, \u00e0s 16:00h</span></b><span>, consta para ser apreciado na Ordem do Dia os seguintes projetos:</span><b>\u00a0</b></span></b></p>\r\n<p style=\"text-align: justify; \"><b><span>EM DISCUSS\u00c3O \u00daNICA</span></b><b>\u00a0</b></p>\r\n<ul style=\"text-align: justify; \">\r\n<li><b>Projeto de Lei n\u00ba 060/15</b><span> \u2013 PM \u2013 que \u201cDisp\u00f5e sobre autoriza\u00e7\u00e3o para abertura de cr\u00e9dito adicional suplementar ao or\u00e7amento do Munic\u00edpio de Adamantina \u00e0 FAI \u2013 Faculdades Adamantinenses Integradas, no valor de R$ 2.705.000,00.\u201d</span></li>\r\n</ul>\r\n<p style=\"text-align: justify; \"><b>EM PRIMEIRA DISCUSS\u00c3O</b></p>\r\n<ul style=\"text-align: justify; \">\r\n<li><b>Projeto de Lei Complementar n\u00ba 329/15</b><span> \u2013 PM \u2013 que \u201cAltera o caput do artigo 3\u00ba da Lei Complementar n\u00ba 236, de 19 de novembro de 2014.\u201d</span></li>\r\n<li><b>Projeto de Lei Complementar n\u00ba 330/15</b><span> \u2013 PM \u2013 que \u201cDisp\u00f5e sobre altera\u00e7\u00e3o do anexo I da Lei Complementar n\u00ba 179, de 07 de outubro de 2011, visando \u00e0 amplia\u00e7\u00e3o do n\u00famero de vagas de empregos na fun\u00e7\u00e3o de Agente Comunit\u00e1rio de Sa\u00fade e d\u00e1 outras provid\u00eancias.\u201d</span></li>\r\n</ul>\r\n<p style=\"text-align: justify; \">\u00a0</p>\r\n<p style=\"text-align: justify; \"><b><span>EM SEGUNDA DISCUSS\u00c3O E REDA\u00c7\u00c3O FINAL</span></b></p>\r\n<ul style=\"text-align: justify; \">\r\n<li><b>Projeto de Lei Complementar n\u00ba 328/15</b><span> \u2013 PM \u2013 que \u201cAutoriza o Chefe do Poder Executivo Municipal a alienar, por permuta, uma \u00e1rea de terras de propriedade do Munic\u00edpio, na forma e nas condi\u00e7\u00f5es que especifica e d\u00e1 outras provid\u00eancias.\u201d</span></li>\r\n</ul>\r\n<div>\r\n<p style=\"text-align: justify; \"><span>A Sess\u00e3o acontecer\u00e1 no\u00a0<em>Plen\u00e1rio</em></span><em>\u00a0Vereador Jos\u00e9 Ikeda, situado na Rua Osvaldo Cruz, 261 - t\u00e9rreo.</em></p>\r\n<p style=\"text-align: justify; \"><em></em><span>Toda a comunidade \u00e9 convidada a acompanhar.</span></p>\r\n</div>", "author_name": "adt", "version": "1.0", "author_url": "https://www.adamantina.sp.leg.br/author/adt", "provider_name": "C\u00e2mara Municipal de Adamantina", "type": "rich"}