{"provider_url": "https://www.adamantina.sp.leg.br", "title": "39\u00aa Sess\u00e3o Extraordin\u00e1ria", "html": "<p style=\"text-align: justify; \">Amanh\u00e3, 08, a C\u00e2mara Municipal de Adamantina realizar\u00e1 a\u00a0<span>39\u00aa Sess\u00e3o Extraordin\u00e1ria a</span><b>\u00a0</b>\u00e0s 11:00h,\u00a0\u00a0no Plen\u00e1rio Vereador Jos\u00e9 Ikeda<span>. </span></p>\r\n<p style=\"text-align: justify; \"><span>Constam para serem apreciados na Ordem do Dia os seguintes projetos:</span><b>\u00a0</b></p>\r\n<p style=\"text-align: justify; \"><b><span>EM DISCUSS\u00c3O \u00daNICA</span></b></p>\r\n<p style=\"text-align: justify; \"><b>Projeto\u00a0 de Lei n\u00ba 055/15</b><span> \u2013 PM \u2013 que \u201cDisp\u00f5e sobre o plantio de \u00e1rvores, obrigat\u00f3rio para pessoas f\u00edsicas e jur\u00eddicas que requererem o Habite-se ou Alvar\u00e1 de Utiliza\u00e7\u00e3o e d\u00e1 outras provid\u00eancias.\u201d</span></p>\r\n<p style=\"text-align: justify; \"><b><span>Projeto de Lei n\u00ba 056/15</span></b> \u2013 PM \u2013 que \u201cDisp\u00f5e sobre a obrigatoriedade da apresenta\u00e7\u00e3o de Projeto de Arboriza\u00e7\u00e3o nos novos parcelamentos de solo urbano, sob a forma de loteamento ou desmembramento e d\u00e1 outras provid\u00eancias.\u201d</p>\r\n<p style=\"text-align: justify; \"><b><span>Projeto de Lei n\u00ba 057/15</span></b> \u2013 PM \u2013 que \u201cAutoriza a Prefeitura do Munic\u00edpio a Instituir o Programa por servi\u00e7os com o Estado de S\u00e3o Paulo para execu\u00e7\u00e3o de projeto de pagamento por servi\u00e7os ambientais.\u201d\u00a0</p>", "author_name": "adt", "version": "1.0", "author_url": "https://www.adamantina.sp.leg.br/author/adt", "provider_name": "C\u00e2mara Municipal de Adamantina", "type": "rich"}