{"provider_url": "https://www.adamantina.sp.leg.br", "title": "38\u00aa Sess\u00e3o Extraordin\u00e1ria", "html": "<p style=\"text-align: justify; \">A C\u00e2mara de Adamantina realizar\u00e1 nesta quinta-feira, 10, \u00e0s 11h, no Plen\u00e1rio Vereador Jos\u00e9 Ikeda, a 38\u00aa Sess\u00e3o Extraordin\u00e1ria.</p>\r\n<p style=\"text-align: justify; \">Constam para serem apreciados na Ordem do Dia, em DISCUSS\u00c3O \u00daNICA os projetos abaixo:</p>\r\n<p style=\"text-align: justify; \"><b><span>Projeto de Lei n\u00ba 042/15</span></b> \u2013 PM \u2013 que \u201cDisp\u00f5e sobre autoriza\u00e7\u00e3o para abertura de cr\u00e9dito adicional suplementar \u00e0 Prefeitura do Munic\u00edpio de Adamantina no valor de R$ 3.070.000,00 destinado a suplementar v\u00e1rias dota\u00e7\u00f5es das Faculdades Adamantinenses Integradas \u2013 FAI.\u201d</p>\r\n<p style=\"text-align: justify; \"><b><span>Projeto de Lei n\u00ba 043/15</span></b> \u2013 Vereadoras Noriko Onishi Saito e Maria de Lourdes Santos Gil \u2013 que \u201cDisp\u00f5e sobre a denomina\u00e7\u00e3o das Estradas Vicinais ADM<sup>s</sup> 121, 149, 328 e 432.\u201d</p>\r\n<p style=\"text-align: justify; \"><b><span>Projeto de Lei n\u00ba 045/15</span></b> \u2013 PM \u2013 que \u201cAutoriza o Poder Executivo Municipal celebrar Termo de Conv\u00eanio com o Estado de S\u00e3o Paulo, por interm\u00e9dio da Casa Militar do Gabinete do Governador, por sua Coordenadoria Estadual de Defesa Civil do Estado de S\u00e3o Paulo \u2013 CEDEC/SP, e da Secretaria da Educa\u00e7\u00e3o, e o Munic\u00edpio de Adamantina, para fins que especifica.\u201d</p>\r\n<p style=\"text-align: justify; \"><b><span>Projeto de Lei n\u00ba 046/15</span></b> \u2013 Mesa da C\u00e2mara \u2013 que \u201cDisp\u00f5e sobre a denomina\u00e7\u00e3o de Logradouro P\u00fablico \u201cResidencial San Miguel II.\u201d</p>\r\n<p style=\"text-align: justify; \"><b><span>Projeto de Lei Complementar n\u00ba 325/15</span></b> \u2013 PM \u2013 que \u201cInstitui o Programa de Parcelamento Incentivado \u2013 PPI, \u00e0s pessoas F\u00edsicas e Jur\u00eddicas do Munic\u00edpio de Adamantina \u2013 SP, de d\u00e9bitos inscritos ou n\u00e3o em d\u00edvida ativa, ajuizados ou n\u00e3o ajuizados, e d\u00e1 outras provid\u00eancias.\u201d</p>", "author_name": "adt", "version": "1.0", "author_url": "https://www.adamantina.sp.leg.br/author/adt", "provider_name": "C\u00e2mara Municipal de Adamantina", "type": "rich"}