{"provider_url": "https://www.adamantina.sp.leg.br", "title": "1\u00aa Sess\u00e3o Ordin\u00e1ria", "html": "<p style=\"text-align: justify; \"><b><span>A C\u00e2mara Municipal de Adamantina comunica que realizar\u00e1 dia 06, pr\u00f3xima segunda-feira, \u00e0s 20h, nas depend\u00eancias da Casa, a 1\u00aa Sess\u00e3o Ordin\u00e1ria de 2017.</span></b></p>\r\n<p style=\"text-align: justify; \"><b><span>N\u00e3o h\u00e1 projetos para serem apreciados na Ordem do Dia.</span></b></p>\r\n<p style=\"text-align: justify; \"><b><span><span>A Sess\u00e3o ser\u00e1 realizada <span>no Plen\u00e1rio Vereador Jos\u00e9 Ikeda\u00a0situado na Rua Osvaldo Cruz, 261 - t\u00e9rreo</span>.\u00a0</span><span>Toda a comunidade \u00e9 convidada a acompanhar pessoalmente ou pelas R\u00e1dios \u00a0Joia e LIFE.\u00a0</span><span>\u00a0</span></span></b></p>", "author_name": "adt", "version": "1.0", "author_url": "https://www.adamantina.sp.leg.br/author/adt", "provider_name": "C\u00e2mara Municipal de Adamantina", "type": "rich"}